{"id":579,"date":"2021-09-21T16:46:10","date_gmt":"2021-09-21T14:46:10","guid":{"rendered":""},"modified":"2023-05-04T16:33:41","modified_gmt":"2023-05-04T14:33:41","slug":"zidle-do-katedraly-nanebevzeti-panny-marie-a-svateho-jana-krtitele","status":"publish","type":"post","link":"https:\/\/www.rcnksk.com\/?p=579","title":{"rendered":"\u017didle do katedr\u00e1ly Nanebevzet\u00ed Panny Marie a&nbsp;svat\u00e9ho Jana K\u0159titele"},"content":{"rendered":"<p>Na z\u00e1klad\u011b zad\u00e1n\u00ed farnosti Sedlec jsme se sna\u017eili vytvo\u0159it optim\u00e1ln\u00ed \u017eidli pro katedr\u00e1lu<br \/>\nv&nbsp;Sedlci, kter\u00e1 by spl\u0148ovala n\u00e1sleduj\u00edc\u00ed po\u017eadavky:<br \/>\n\u2022 neru\u0161iv\u00e1 v\u016f\u010di pam\u00e1tce<br \/>\n\u2022 dob\u0159e manipulovateln\u00e1<br \/>\n\u2022 stohovateln\u00e1<br \/>\n\u2022 spojovateln\u00e1<br \/>\n\u2022 umo\u017enit postavit i&nbsp;na nerovnou podlahu<br \/>\n\u2022 dlouhodob\u011b odoln\u00e1<br \/>\n\u2022 sed\u00e1k z&nbsp;tepl\u00e9ho materi\u00e1lu<br \/>\n\u2022 odkl\u00e1dac\u00ed plocha na kancion\u00e1l<br \/>\n\u2022 mo\u017enost zav\u011bsit kabelku<\/p>\n<p>Tyto po\u017eadavky definuj\u00ed vzhled i&nbsp;tvar maxim\u00e1ln\u011b subtiln\u00ed \u017eidle z&nbsp;oh\u00fdban\u00e9 \u010dtvercov\u00e9 oceli rozm\u011bru 10x10mm. Kostra je opat\u0159ena komaxitov\u00fdm hrubozrnn\u00fdm lakem. No\u017eky, kter\u00e9 slou\u017e\u00ed t\u00e9\u017e i&nbsp;pro spojov\u00e1n\u00ed \u017eidl\u00ed, jsou z&nbsp;mosazi. T\u00edm je \u017eidle chr\u00e1n\u011bna proti od\u011bru. Sed\u00e1k je z&nbsp;oh\u00fdban\u00e9ho plechu oboustrann\u011b pota\u017een\u00e9ho filcem. Filc sed\u00e1ku m\u00e1 v\u011bt\u0161\u00ed tlou\u0161\u0165ku pro pohodln\u00e9 sezen\u00ed. Ergonomie je vych\u00e1z\u00ed z&nbsp;klasick\u00e9 \u017eidle ale z\u00e1rove\u0148 je \u010d\u00e1ste\u010dn\u011b p\u0159izp\u016fsobena ergonomii klasick\u00e9 kosteln\u00ed lavice, tj.&nbsp;m\u00e1 zkr\u00e1cen\u00fd sed\u00e1k. L\u00e9pe se tedy klek\u00e1 a&nbsp;nut\u00ed \u010dlov\u011bka sed\u011bt vzp\u0159\u00edmen\u011b. Z\u00e1rove\u0148 pova\u017eujeme za podstatn\u00e9, aby \u017eidle p\u0159i&nbsp;spojen\u00ed v&nbsp;celek respektovali \u0161\u00ed\u0159i st\u00e1vaj\u00edc\u00edch lavic a&nbsp;lavici svoji formou p\u0159ipom\u00ednali. Je toti\u017e dodr\u017eena i&nbsp;v\u00fd\u0161ka p\u016fvodn\u00edch lavic.<\/p>\n<p>Do n\u00e1vrhu jsme se sna\u017eili p\u0159en\u00e9st geometrii katedr\u00e1ly samotn\u00e9. Tvaroslov\u00ed v&nbsp;detailech cituje jej\u00ed k\u0159ivky.<br \/>\nSt\u00e1vaj\u00edc\u00ed lavice navrhujeme m\u00edrn\u011b p\u0159euspo\u0159\u00e1dat, respektive obnovit skladbu p\u016fvodn\u00ed. P\u0159edn\u00ed bloky posunout o&nbsp;klenebn\u00e9 pole dozadu, kde je mo\u017en\u00e9 spat\u0159it na podlaze jejich otisk. T\u00edm se otev\u0159e pr\u016fchod k&nbsp;bo\u010dn\u00edm olt\u00e1\u0159\u016fm a&nbsp;m\u00edrn\u011b se zvedne kapacita hlavn\u00ed lodi. Z\u00e1rove\u0148 je mo\u017en\u00e9 um\u00edstit drobnou lavici pro dva p\u0159ed severn\u00ed olt\u00e1\u0159, kde na rozd\u00edl od ji\u017en\u00edho \u017e\u00e1dn\u00e1 nen\u00ed.<\/p>","protected":false},"excerpt":{"rendered":"<p>Na z\u00e1klad\u011b zad\u00e1n\u00ed farnosti Sedlec jsme se sna\u017eili vytvo\u0159it optim\u00e1ln\u00ed \u017eidli pro katedr\u00e1lu v&nbsp;Sedlci, kter\u00e1 by spl\u0148ovala n\u00e1sleduj\u00edc\u00ed po\u017eadavky: \u2022 neru\u0161iv\u00e1 v\u016f\u010di pam\u00e1tce \u2022 dob\u0159e manipulovateln\u00e1 \u2022 stohovateln\u00e1 \u2022 spojovateln\u00e1 \u2022 umo\u017enit postavit i&nbsp;na nerovnou podlahu \u2022 dlouhodob\u011b odoln\u00e1 \u2022 sed\u00e1k z&nbsp;tepl\u00e9ho materi\u00e1lu \u2022 odkl\u00e1dac\u00ed plocha na kancion\u00e1l \u2022 mo\u017enost zav\u011bsit kabelku Tyto po\u017eadavky definuj\u00ed [&hellip;]<\/p>\n","protected":false},"author":1,"featured_media":601,"comment_status":"open","ping_status":"open","sticky":false,"template":"","format":"standard","meta":{"footnotes":""},"categories":[1],"tags":[],"class_list":["post-579","post","type-post","status-publish","format-standard","has-post-thumbnail","hentry","category-archive"],"_links":{"self":[{"href":"https:\/\/www.rcnksk.com\/index.php?rest_route=\/wp\/v2\/posts\/579","targetHints":{"allow":["GET"]}}],"collection":[{"href":"https:\/\/www.rcnksk.com\/index.php?rest_route=\/wp\/v2\/posts"}],"about":[{"href":"https:\/\/www.rcnksk.com\/index.php?rest_route=\/wp\/v2\/types\/post"}],"author":[{"embeddable":true,"href":"https:\/\/www.rcnksk.com\/index.php?rest_route=\/wp\/v2\/users\/1"}],"replies":[{"embeddable":true,"href":"https:\/\/www.rcnksk.com\/index.php?rest_route=%2Fwp%2Fv2%2Fcomments&post=579"}],"version-history":[{"count":11,"href":"https:\/\/www.rcnksk.com\/index.php?rest_route=\/wp\/v2\/posts\/579\/revisions"}],"predecessor-version":[{"id":3671,"href":"https:\/\/www.rcnksk.com\/index.php?rest_route=\/wp\/v2\/posts\/579\/revisions\/3671"}],"wp:featuredmedia":[{"embeddable":true,"href":"https:\/\/www.rcnksk.com\/index.php?rest_route=\/wp\/v2\/media\/601"}],"wp:attachment":[{"href":"https:\/\/www.rcnksk.com\/index.php?rest_route=%2Fwp%2Fv2%2Fmedia&parent=579"}],"wp:term":[{"taxonomy":"category","embeddable":true,"href":"https:\/\/www.rcnksk.com\/index.php?rest_route=%2Fwp%2Fv2%2Fcategories&post=579"},{"taxonomy":"post_tag","embeddable":true,"href":"https:\/\/www.rcnksk.com\/index.php?rest_route=%2Fwp%2Fv2%2Ftags&post=579"}],"curies":[{"name":"wp","href":"https:\/\/api.w.org\/{rel}","templated":true}]}}