{"id":5150,"date":"2025-01-23T18:37:58","date_gmt":"2025-01-23T17:37:58","guid":{"rendered":"https:\/\/www.rcnksk.com\/?p=5150"},"modified":"2025-01-31T11:28:25","modified_gmt":"2025-01-31T10:28:25","slug":"skalna","status":"publish","type":"post","link":"https:\/\/www.rcnksk.com\/?p=5150","title":{"rendered":"Adaptace hospod\u00e1\u0159sk\u00e9ho dvora Horn\u00edho z\u00e1mku ve Skaln\u00e9"},"content":{"rendered":"<p>Projekt revitalizace are\u00e1lu Horn\u00edho z\u00e1mku ve Skaln\u00e9 si klade za c\u00edl obnovu historick\u00fdch budov a&nbsp;jejich adaptaci pro modern\u00ed spole\u010densk\u00e9, kulturn\u00ed a&nbsp;komunitn\u00ed vyu\u017eit\u00ed. Prvn\u00ed f\u00e1ze zahrnuje p\u0159estavbu stodoly na multifunk\u010dn\u00ed spole\u010densk\u00fd s\u00e1l, kter\u00fd bude slou\u017eit pro po\u0159\u00e1d\u00e1n\u00ed akc\u00ed r\u016fzn\u00e9ho charakteru. Sou\u010d\u00e1st\u00ed projektu je tak\u00e9 \u00faprava p\u0159ilehl\u00fdch objekt\u016f \u2013 lihovaru a&nbsp;st\u00e1j\u00ed \u2013 pro vytvo\u0159en\u00ed pot\u0159ebn\u00e9ho z\u00e1zem\u00ed, v\u010detn\u011b \u0161aten, hygienick\u00fdch za\u0159\u00edzen\u00ed, cateringov\u00fdch prostor a&nbsp;ubytovac\u00edch jednotek.<\/p>\n<p>Nov\u00e9 p\u011b\u0161\u00ed vstupy zlep\u0161\u00ed dostupnost are\u00e1lu, zat\u00edmco foyer nab\u00eddne informa\u010dn\u00ed centrum, pokladnu a&nbsp;prostor pro budouc\u00ed kav\u00e1rnu \u010di&nbsp;restauraci. Spole\u010densk\u00fd s\u00e1l bude navr\u017een jako flexibiln\u00ed prostor s&nbsp;mo\u017enost\u00ed sez\u00f3nn\u00edho vyu\u017eit\u00ed, s&nbsp;variabiln\u00edm p\u00f3diem, modern\u00edm osv\u011btlen\u00edm a&nbsp;prvky pro dekoraci dle p\u0159\u00edle\u017eitosti. V&nbsp;r\u00e1mci projektu se po\u010d\u00edt\u00e1 i&nbsp;s&nbsp;p\u0159esunem geologick\u00e9ho muzea Akademie v\u011bd do vhodn\u011bj\u0161\u00edch prostor.<\/p>\n<p>Tento projekt respektuje historickou hodnotu are\u00e1lu a&nbsp;z\u00e1rove\u0148 zaji\u0161\u0165uje jeho udr\u017eiteln\u00e9 vyu\u017eit\u00ed pro pot\u0159eby sou\u010dasn\u00e9 komunity i&nbsp;budouc\u00edch generac\u00ed.<\/p>\n<p><strong>Prvn\u00ed f\u00e1ze projektu<\/strong><br \/>\nPrvn\u00ed f\u00e1ze projektu zahrnuje p\u0159estavbu stodoly, lihovaru, \u010d\u00e1sti st\u00e1j\u00ed a&nbsp;p\u0159ilehl\u00fdch prostor dvora. V&nbsp;souvislosti s&nbsp;p\u0159eveden\u00edm cel\u00e9ho are\u00e1lu Horn\u00edho z\u00e1mku do majetku m\u011bsta Skaln\u00e1 a&nbsp;absenc\u00ed v\u011bt\u0161\u00edch prostor pro spole\u010densk\u00e9 \u00fa\u010dely se jako hlavn\u00ed my\u0161lenka projektu nab\u00edz\u00ed adaptace stodoly na spole\u010densk\u00fd s\u00e1l. Ten bude slou\u017eit pro po\u0159\u00e1d\u00e1n\u00ed kulturn\u00edch, komunitn\u00edch a&nbsp;soukrom\u00fdch akc\u00ed. N\u00e1vrh vych\u00e1z\u00ed z&nbsp;koncep\u010dn\u00ed studie (RCNKSK_03\/2024) a&nbsp;z&nbsp;faktu, \u017ee stodola m\u00e1 ide\u00e1ln\u00ed dispozice pro vytvo\u0159en\u00ed prostorn\u00e9ho shroma\u017e\u010fovac\u00edho prostoru.<\/p>\n<p><strong>Z\u00e1zem\u00ed a&nbsp;vyu\u017eit\u00ed p\u0159ilehl\u00fdch objekt\u016f<\/strong><br \/>\nObjekty v&nbsp;bl\u00edzkosti budouc\u00edho s\u00e1lu budou upraveny tak, aby slou\u017eily jako technick\u00e9 a&nbsp;provozn\u00ed z\u00e1zem\u00ed. V&nbsp;lihovaru, z\u00e1padn\u011b od s\u00e1lu, budou um\u00edst\u011bny \u0161atny, toalety pro \u00fa\u010dinkuj\u00edc\u00ed, technick\u00e9 prostory a&nbsp;v&nbsp;horn\u00edch patrech obecn\u00ed byty. Tyto byty mohou b\u00fdt vyu\u017eity jak \u00fa\u010dinkuj\u00edc\u00edmi, tak u\u017eivateli are\u00e1lu.<br \/>\n\u010c\u00e1st st\u00e1j\u00ed nab\u00eddne roz\u0161\u00ed\u0159en\u00e9 hygienick\u00e9 a&nbsp;gastro z\u00e1zem\u00ed pro v\u011bt\u0161\u00ed spole\u010densk\u00e9 akce. D\u00e1le budou st\u00e1je upraveny pro alternativn\u00ed vstup do are\u00e1lu a&nbsp;foyer, \u010d\u00edm\u017e bude zaji\u0161t\u011bno plynul\u00e9 propojen\u00ed jednotliv\u00fdch \u010d\u00e1st\u00ed komplexu. Kv\u016fli uvoln\u011bn\u00ed prostor bude nutn\u00e9 p\u0159esunout geologick\u00e9 muzeum Akademie v\u011bd, kter\u00e9 je moment\u00e1ln\u011b um\u00edst\u011bno v&nbsp;p\u0159\u00edzem\u00ed lihovaru. Tento p\u0159esun m\u016f\u017ee b\u00fdt do\u010dasn\u00fd, p\u0159\u00edpadn\u011b slad\u011bn\u00fd s&nbsp;dal\u0161\u00edmi etapami projektu.<\/p>\n<p><strong>Zp\u0159\u00edstupn\u011bn\u00ed are\u00e1lu<\/strong><br \/>\nNov\u00e9 p\u011b\u0161\u00ed vstupy budou vytvo\u0159eny odstran\u011bn\u00edm p\u0159\u00edstaveb mezi lihovarem a&nbsp;starou s\u00fdpkou, \u010d\u00edm\u017e vznikne p\u0159\u00edstup sm\u011brem od centra m\u011bsta. Druh\u00fd vstup bude situov\u00e1n v&nbsp;p\u0159\u00edzem\u00ed st\u00e1j\u00ed a&nbsp;umo\u017en\u00ed propojen\u00ed s&nbsp;pl\u00e1novan\u00fdm parkovi\u0161t\u011bm v\u00fdchodn\u011b od are\u00e1lu. V&nbsp;tomto prostoru vznikne vstupn\u00ed foyer s&nbsp;infocentrem, pokladnou a&nbsp;schodi\u0161t\u011bm. Sou\u010dasn\u011b zde bude p\u0159ipravena konstrukce pro v\u00fdtah do druh\u00e9ho patra st\u00e1j\u00ed. V&nbsp;p\u0159ilehl\u00fdch m\u00edstnostech se po\u010d\u00edt\u00e1 s&nbsp;postupn\u00fdm vybudov\u00e1n\u00edm kav\u00e1rny, restaurace, geologick\u00e9ho muzea Akademie v\u011bd a&nbsp;v\u00fdstavn\u00edch prostor.<\/p>\n<p><strong>Spole\u010densk\u00fd s\u00e1l a&nbsp;jeho provoz<\/strong><br \/>\nSt\u00e1vaj\u00edc\u00ed skladovac\u00ed patro ve stodole bude odstran\u011bno a&nbsp;krov p\u0159izp\u016fsoben tak, aby vznikl p\u0159ev\u00fd\u0161en\u00fd otev\u0159en\u00fd prostor vhodn\u00fd pro spole\u010densk\u00fd s\u00e1l. S\u00e1l bude celoro\u010dn\u011b vyu\u017eiteln\u00fd s&nbsp;mo\u017enost\u00ed roz\u0161\u00ed\u0159en\u00ed prostoru do dvora b\u011bhem letn\u00edho re\u017eimu. V&nbsp;zim\u011b bude prostor tepeln\u011b izolov\u00e1n z\u00e1v\u011bsem. Uvnit\u0159 s\u00e1lu vznikne bar s&nbsp;napojen\u00edm na cateringovou kuchy\u0148, variabiln\u00ed p\u00f3dium, intimn\u00ed z\u00e1v\u011bsn\u00e9 osv\u011btlen\u00ed a&nbsp;flexibiln\u00ed prvky pro v\u00fdzdobu.<\/p>\n<p><strong>Z\u00e1zem\u00ed s\u00e1lu v&nbsp;lihovaru<\/strong><br \/>\nLihovar, pravd\u011bpodobn\u011b nejstar\u0161\u00ed budova v&nbsp;are\u00e1lu, bude \u010d\u00e1ste\u010dn\u011b vyu\u017eit jako z\u00e1zem\u00ed s\u00e1lu. Vedle p\u00f3dia budou prostory pro \u00fa\u010dinkuj\u00edc\u00ed s&nbsp;hygienick\u00fdm z\u00e1zem\u00edm a&nbsp;kuchy\u0148kou. Dal\u0161\u00ed \u010d\u00e1st lihovaru bude slou\u017eit jako men\u0161\u00ed spole\u010densk\u00fd s\u00e1l pro komorn\u011bj\u0161\u00ed akce. Na vy\u0161\u0161\u00edch podla\u017e\u00edch vznikne byt spr\u00e1vce a&nbsp;mezonetov\u00e9 ubytovac\u00ed jednotky, kter\u00e9 mohou b\u00fdt vyu\u017eity i&nbsp;jako ubytov\u00e1n\u00ed pro \u00fa\u010dinkuj\u00edc\u00ed.<\/p>","protected":false},"excerpt":{"rendered":"<p>Projekt revitalizace are\u00e1lu Horn\u00edho z\u00e1mku ve Skaln\u00e9 si klade za c\u00edl obnovu historick\u00fdch budov a&nbsp;jejich adaptaci pro modern\u00ed spole\u010densk\u00e9, kulturn\u00ed a&nbsp;komunitn\u00ed vyu\u017eit\u00ed. Prvn\u00ed f\u00e1ze zahrnuje p\u0159estavbu stodoly na multifunk\u010dn\u00ed spole\u010densk\u00fd s\u00e1l, kter\u00fd bude slou\u017eit pro po\u0159\u00e1d\u00e1n\u00ed akc\u00ed r\u016fzn\u00e9ho charakteru. Sou\u010d\u00e1st\u00ed projektu je tak\u00e9 \u00faprava p\u0159ilehl\u00fdch objekt\u016f \u2013 lihovaru a&nbsp;st\u00e1j\u00ed \u2013 pro vytvo\u0159en\u00ed pot\u0159ebn\u00e9ho z\u00e1zem\u00ed, v\u010detn\u011b [&hellip;]<\/p>\n","protected":false},"author":1,"featured_media":5211,"comment_status":"open","ping_status":"open","sticky":false,"template":"","format":"standard","meta":{"footnotes":""},"categories":[1],"tags":[],"class_list":["post-5150","post","type-post","status-publish","format-standard","has-post-thumbnail","hentry","category-archive"],"_links":{"self":[{"href":"https:\/\/www.rcnksk.com\/index.php?rest_route=\/wp\/v2\/posts\/5150","targetHints":{"allow":["GET"]}}],"collection":[{"href":"https:\/\/www.rcnksk.com\/index.php?rest_route=\/wp\/v2\/posts"}],"about":[{"href":"https:\/\/www.rcnksk.com\/index.php?rest_route=\/wp\/v2\/types\/post"}],"author":[{"embeddable":true,"href":"https:\/\/www.rcnksk.com\/index.php?rest_route=\/wp\/v2\/users\/1"}],"replies":[{"embeddable":true,"href":"https:\/\/www.rcnksk.com\/index.php?rest_route=%2Fwp%2Fv2%2Fcomments&post=5150"}],"version-history":[{"count":11,"href":"https:\/\/www.rcnksk.com\/index.php?rest_route=\/wp\/v2\/posts\/5150\/revisions"}],"predecessor-version":[{"id":5298,"href":"https:\/\/www.rcnksk.com\/index.php?rest_route=\/wp\/v2\/posts\/5150\/revisions\/5298"}],"wp:featuredmedia":[{"embeddable":true,"href":"https:\/\/www.rcnksk.com\/index.php?rest_route=\/wp\/v2\/media\/5211"}],"wp:attachment":[{"href":"https:\/\/www.rcnksk.com\/index.php?rest_route=%2Fwp%2Fv2%2Fmedia&parent=5150"}],"wp:term":[{"taxonomy":"category","embeddable":true,"href":"https:\/\/www.rcnksk.com\/index.php?rest_route=%2Fwp%2Fv2%2Fcategories&post=5150"},{"taxonomy":"post_tag","embeddable":true,"href":"https:\/\/www.rcnksk.com\/index.php?rest_route=%2Fwp%2Fv2%2Ftags&post=5150"}],"curies":[{"name":"wp","href":"https:\/\/api.w.org\/{rel}","templated":true}]}}