{"id":398,"date":"2021-09-16T18:52:52","date_gmt":"2021-09-16T16:52:52","guid":{"rendered":""},"modified":"2023-05-04T10:43:46","modified_gmt":"2023-05-04T08:43:46","slug":"diplomanti-avu-vanity-fair","status":"publish","type":"post","link":"https:\/\/www.rcnksk.com\/?p=398","title":{"rendered":"Diplomanti AVU: Vanity Fair"},"content":{"rendered":"<p>V\u00fdstava Vanity Fair. Diplomanti AVU 2016 p\u0159edstav\u00ed tvorbu \u010derstv\u00fdch absolvent\u016f Akademie v\u00fdtvarn\u00fdch um\u011bn\u00ed v&nbsp;Praze. AVU je nejstar\u0161\u00ed um\u011bleckou \u0161kolou v&nbsp;\u010desk\u00fdch zem\u00edch, zalo\u017eenou ji\u017e v&nbsp;roce 1799. Jej\u00edm zakladatelem byla Spole\u010dnost vlasteneck\u00fdch p\u0159\u00e1tel um\u011bn\u00ed, tedy instituce stoj\u00edc\u00ed tak\u00e9 u&nbsp;zrodu N\u00e1rodn\u00ed galerie v&nbsp;Praze v&nbsp;roce 1796. V\u00fdrazn\u00e1 pozice, jakou m\u00e1 Akademie kontinu\u00e1ln\u011b od sv\u00e9ho zalo\u017een\u00ed, rezonuje s&nbsp;postaven\u00edm N\u00e1rodn\u00ed galerie na \u010desk\u00e9 v\u00fdtvarn\u00e9 sc\u00e9n\u011b. Vz\u00e1jemn\u00e1 spolupr\u00e1ce je tak logick\u00fdm vy\u00fast\u011bn\u00edm spole\u010dn\u00e9 historie i&nbsp;skute\u010dnosti, \u017ee ve st\u00e1l\u00fdch sb\u00edrk\u00e1ch N\u00e1rodn\u00ed galerie nal\u00e9z\u00e1me mno\u017estv\u00ed d\u011bl absolvent\u016f AVU. Studenti nebo \u010derstv\u00ed absolventi AVU se tak\u00e9 pravideln\u011b objevuj\u00ed v&nbsp;nominac\u00edch na ji\u017e tradi\u010dn\u00ed Cenu Jind\u0159icha Chalupeck\u00e9ho.<\/p>\n<p>Na AVU studuj\u00ed v&nbsp;sou\u010dasn\u00e9 dob\u011b v\u00edce ne\u017e t\u0159i stovky student\u016f v&nbsp;osmn\u00e1cti r\u016fzn\u00fdch ateli\u00e9rech. Po\u010det absolvent\u016f se v&nbsp;posledn\u00edch letech ust\u00e1lil na v\u00edce ne\u017e \u010dty\u0159iceti. Jejich tvorba reflektuje zam\u011b\u0159en\u00ed jednotliv\u00fdch ateli\u00e9r\u016f od klasick\u00fdch socha\u0159sk\u00fdch a&nbsp;mal\u00ed\u0159sk\u00fdch, p\u0159es ateli\u00e9ry kresby a&nbsp;grafiky po&nbsp;ateli\u00e9ry intermedi\u00e1ln\u00ed a&nbsp;konceptu\u00e1ln\u00ed, zvl\u00e1\u0161tn\u00ed postaven\u00ed maj\u00ed ateli\u00e9ry restaur\u00e1torsk\u00e9 a&nbsp;\u0161kola architektury. V\u00fdstava Vanity Fair. Diplomanti AVU 2016 tak p\u0159edstavuje \u0161irok\u00e9 spektrum um\u011bleck\u00fdch projev\u016f a&nbsp;p\u0159\u00edstup\u016f \u2013 v\u0161echna d\u00edla v\u0161ak spojuje snaha o&nbsp;co nejlep\u0161\u00ed a&nbsp;nejzaj\u00edmav\u011bj\u0161\u00ed v\u00fdsledek. Ambice ka\u017ed\u00e9ho z&nbsp;vystavuj\u00edc\u00edch um\u011blc\u016f je vytvo\u0159it z\u00e1sadn\u00ed d\u00edlo, kter\u00e9 zakon\u010d\u00ed obdob\u00ed studi\u00ed, ale tak\u00e9 otev\u0159e novou etapu, a&nbsp;to nejen um\u011bleckou ale i&nbsp;lidskou. V\u00fdstava v&nbsp;N\u00e1rodn\u00ed galerii v&nbsp;Praze prezentuje d\u00edla um\u011blc\u016f, kte\u0159\u00ed by se mohli a&nbsp;m\u011bli v&nbsp;n\u00e1sleduj\u00edc\u00edch letech v\u00fdrazn\u011b projevit a&nbsp;prosadit nejen na dom\u00e1c\u00ed, ale i&nbsp;na zahrani\u010dn\u00ed v\u00fdtvarn\u00e9 sc\u00e9n\u011b.<\/p>","protected":false},"excerpt":{"rendered":"<p>V\u00fdstava Vanity Fair. Diplomanti AVU 2016 p\u0159edstav\u00ed tvorbu \u010derstv\u00fdch absolvent\u016f Akademie v\u00fdtvarn\u00fdch um\u011bn\u00ed v&nbsp;Praze. AVU je nejstar\u0161\u00ed um\u011bleckou \u0161kolou v&nbsp;\u010desk\u00fdch zem\u00edch, zalo\u017eenou ji\u017e v&nbsp;roce 1799. Jej\u00edm zakladatelem byla Spole\u010dnost vlasteneck\u00fdch p\u0159\u00e1tel um\u011bn\u00ed, tedy instituce stoj\u00edc\u00ed tak\u00e9 u&nbsp;zrodu N\u00e1rodn\u00ed galerie v&nbsp;Praze v&nbsp;roce 1796. V\u00fdrazn\u00e1 pozice, jakou m\u00e1 Akademie kontinu\u00e1ln\u011b od sv\u00e9ho zalo\u017een\u00ed, rezonuje s&nbsp;postaven\u00edm N\u00e1rodn\u00ed galerie [&hellip;]<\/p>\n","protected":false},"author":1,"featured_media":1226,"comment_status":"open","ping_status":"open","sticky":false,"template":"","format":"standard","meta":{"footnotes":""},"categories":[1],"tags":[],"class_list":["post-398","post","type-post","status-publish","format-standard","has-post-thumbnail","hentry","category-archive"],"_links":{"self":[{"href":"https:\/\/www.rcnksk.com\/index.php?rest_route=\/wp\/v2\/posts\/398","targetHints":{"allow":["GET"]}}],"collection":[{"href":"https:\/\/www.rcnksk.com\/index.php?rest_route=\/wp\/v2\/posts"}],"about":[{"href":"https:\/\/www.rcnksk.com\/index.php?rest_route=\/wp\/v2\/types\/post"}],"author":[{"embeddable":true,"href":"https:\/\/www.rcnksk.com\/index.php?rest_route=\/wp\/v2\/users\/1"}],"replies":[{"embeddable":true,"href":"https:\/\/www.rcnksk.com\/index.php?rest_route=%2Fwp%2Fv2%2Fcomments&post=398"}],"version-history":[{"count":7,"href":"https:\/\/www.rcnksk.com\/index.php?rest_route=\/wp\/v2\/posts\/398\/revisions"}],"predecessor-version":[{"id":3608,"href":"https:\/\/www.rcnksk.com\/index.php?rest_route=\/wp\/v2\/posts\/398\/revisions\/3608"}],"wp:featuredmedia":[{"embeddable":true,"href":"https:\/\/www.rcnksk.com\/index.php?rest_route=\/wp\/v2\/media\/1226"}],"wp:attachment":[{"href":"https:\/\/www.rcnksk.com\/index.php?rest_route=%2Fwp%2Fv2%2Fmedia&parent=398"}],"wp:term":[{"taxonomy":"category","embeddable":true,"href":"https:\/\/www.rcnksk.com\/index.php?rest_route=%2Fwp%2Fv2%2Fcategories&post=398"},{"taxonomy":"post_tag","embeddable":true,"href":"https:\/\/www.rcnksk.com\/index.php?rest_route=%2Fwp%2Fv2%2Ftags&post=398"}],"curies":[{"name":"wp","href":"https:\/\/api.w.org\/{rel}","templated":true}]}}