{"id":387,"date":"2021-09-16T17:56:50","date_gmt":"2021-09-16T15:56:50","guid":{"rendered":""},"modified":"2023-05-03T17:34:26","modified_gmt":"2023-05-03T15:34:26","slug":"poetry-performance-the-eastern-european-perspective-zurich","status":"publish","type":"post","link":"https:\/\/www.rcnksk.com\/?p=387","title":{"rendered":"Poetry &#038; Performance. The Eastern European Perspective \u2013 Z\u00fcrich"},"content":{"rendered":"<p>Datum kon\u00e1n\u00ed : 16.09.&nbsp;2017 &#8211; 28.10.&nbsp;2018<br \/>\nM\u00edsto kon\u00e1n\u00ed: Shedhalle, Zurich<\/p>\n<p>V\u00fdstava P&amp;P Zurich byla dal\u0161\u00ed ze s\u00e9rie v\u00fdstav k&nbsp;v\u00fdzkumn\u00e9mu projektu &#8222;Performance Art in Eastern Europe&#8220; prob\u00edhaj\u00edc\u00edm na Univerzit\u011b v&nbsp;Curuchu. Vzhledem k&nbsp;velmi napjat\u00e9mu rozpo\u010dtu jsme se rozhodli krom\u011b n\u00e1vrhu p\u0159istoupit i&nbsp;ke kompletn\u00ed realizaci v\u00fdstavy &#8222;na kl\u00ed\u010d&#8220;, abychom doc\u00edlili po\u017eadovan\u00e9ho vizu\u00e1ln\u00edho v\u00fdsledku p\u0159i&nbsp;takto k\u0159ehk\u00e9 a&nbsp;z\u00e1rove\u0148 i&nbsp;obt\u00ed\u017en\u011b prezentovateln\u00e9 t\u00e9matice. V&nbsp;r\u00e1mci n\u011bkolika konzultac\u00ed s&nbsp;kur\u00e1tory a&nbsp;galeri\u00ed p\u0159\u00edmo na m\u00edst\u011b vznikl z\u00e1kladn\u00ed prostorov\u00fd a&nbsp;materi\u00e1lov\u00fd koncept. Ve sv\u011btlem zalit\u00e9m rozlehl\u00e9m prostoru b\u00fdval\u00e9 textiln\u00ed fabriky na b\u0159ehu Cury\u0161sk\u00e9ho jezera jsme nainstallovali sedm projek\u010dn\u00edch kostek, kter\u00e9 n\u00e1m jednolit\u00fd prostor galerie rozd\u011blily na dal\u0161\u00ed men\u0161\u00ed zakout\u00ed, kde bylo mo\u017en\u00e9 um\u00edstit sklen\u011bn\u00e9 vitriny, sokly pro televize a&nbsp;p\u0159edev\u0161\u00edm postupn\u011b n\u00e1v\u0161t\u011bvn\u00edka prov\u00e9st jednotliv\u00fdmi tematick\u00fdmi okruhy.<br \/>\nRealizace prob\u00edhala t\u00edm zp\u016fsobem, \u017ee prob\u011bhla p\u0159ed-v\u00fdroba v&nbsp;\u010cesk\u00e9 republice, n\u00e1sledn\u011b pak transport do \u0160v\u00fdcarska, kompletace a&nbsp;dal\u0161\u00ed v\u00fdroba na m\u00edst\u011b a&nbsp;n\u00e1sledn\u011b pak kompletn\u00ed instalace a&nbsp;osv\u011btlen\u00ed cel\u00e9 expozice.<\/p>\n<p>Web v\u00fdstavy: <a href=\"http:\/\/www.performanceart.info\/blog\/poetry-performance-the-eastern-european-perspective-in-zurich\/\">http:\/\/www.performanceart.info\/<\/a><\/p>\n<p>Recenze:<\/p>\n<p>Olga Stefan, ArtReview: <a href=\"https:\/\/artreview.com\/reviews\/ar_december_2018_review_poetry_and_performance\/\">https:\/\/artreview.com\/<\/a><br \/>\nJelica Popovi\u0107, novinki.de: <a href=\"http:\/\/www.novinki.de\/von-den-raendern-her-poetry-and-performance-the-eastern-european-perspective-in-zuerich\/\">http:\/\/www.novinki.de\/<\/a><br \/>\nMatthias Meindl, Artmargins: <a href=\"https:\/\/artmargins.com\/the-intermedial-scattering-of-the-aura\/\">https:\/\/artmargins.com\/<\/a><br \/>\nSylvia Sasse, Republik.ch: <a href=\"https:\/\/www.republik.ch\/2018\/10\/13\/wenn-buchstaben-ihre-muskeln-zeigen\">https:\/\/www.republik.ch\/<\/a><br \/>\nSylvia Sasse, Artmargins: <a href=\"https:\/\/artmargins.com\/\">https:\/\/artmargins.com\/<\/a><\/p>\n<p>Video: <a href=\"https:\/\/www.youtube.com\/watch?v=pHmhw5THjns\">https:\/\/www.youtube.com\/<\/a><\/p>","protected":false},"excerpt":{"rendered":"<p>Datum kon\u00e1n\u00ed : 16.09.&nbsp;2017 &#8211; 28.10.&nbsp;2018 M\u00edsto kon\u00e1n\u00ed: Shedhalle, Zurich V\u00fdstava P&amp;P Zurich byla dal\u0161\u00ed ze s\u00e9rie v\u00fdstav k&nbsp;v\u00fdzkumn\u00e9mu projektu &#8222;Performance Art in Eastern Europe&#8220; prob\u00edhaj\u00edc\u00edm na Univerzit\u011b v&nbsp;Curuchu. Vzhledem k&nbsp;velmi napjat\u00e9mu rozpo\u010dtu jsme se rozhodli krom\u011b n\u00e1vrhu p\u0159istoupit i&nbsp;ke kompletn\u00ed realizaci v\u00fdstavy &#8222;na kl\u00ed\u010d&#8220;, abychom doc\u00edlili po\u017eadovan\u00e9ho vizu\u00e1ln\u00edho v\u00fdsledku p\u0159i&nbsp;takto k\u0159ehk\u00e9 a&nbsp;z\u00e1rove\u0148 i&nbsp;obt\u00ed\u017en\u011b prezentovateln\u00e9 [&hellip;]<\/p>\n","protected":false},"author":1,"featured_media":1662,"comment_status":"open","ping_status":"open","sticky":false,"template":"","format":"standard","meta":{"footnotes":""},"categories":[1],"tags":[],"class_list":["post-387","post","type-post","status-publish","format-standard","has-post-thumbnail","hentry","category-archive"],"_links":{"self":[{"href":"https:\/\/www.rcnksk.com\/index.php?rest_route=\/wp\/v2\/posts\/387","targetHints":{"allow":["GET"]}}],"collection":[{"href":"https:\/\/www.rcnksk.com\/index.php?rest_route=\/wp\/v2\/posts"}],"about":[{"href":"https:\/\/www.rcnksk.com\/index.php?rest_route=\/wp\/v2\/types\/post"}],"author":[{"embeddable":true,"href":"https:\/\/www.rcnksk.com\/index.php?rest_route=\/wp\/v2\/users\/1"}],"replies":[{"embeddable":true,"href":"https:\/\/www.rcnksk.com\/index.php?rest_route=%2Fwp%2Fv2%2Fcomments&post=387"}],"version-history":[{"count":6,"href":"https:\/\/www.rcnksk.com\/index.php?rest_route=\/wp\/v2\/posts\/387\/revisions"}],"predecessor-version":[{"id":3601,"href":"https:\/\/www.rcnksk.com\/index.php?rest_route=\/wp\/v2\/posts\/387\/revisions\/3601"}],"wp:featuredmedia":[{"embeddable":true,"href":"https:\/\/www.rcnksk.com\/index.php?rest_route=\/wp\/v2\/media\/1662"}],"wp:attachment":[{"href":"https:\/\/www.rcnksk.com\/index.php?rest_route=%2Fwp%2Fv2%2Fmedia&parent=387"}],"wp:term":[{"taxonomy":"category","embeddable":true,"href":"https:\/\/www.rcnksk.com\/index.php?rest_route=%2Fwp%2Fv2%2Fcategories&post=387"},{"taxonomy":"post_tag","embeddable":true,"href":"https:\/\/www.rcnksk.com\/index.php?rest_route=%2Fwp%2Fv2%2Ftags&post=387"}],"curies":[{"name":"wp","href":"https:\/\/api.w.org\/{rel}","templated":true}]}}