{"id":374,"date":"2021-09-16T17:06:08","date_gmt":"2021-09-16T15:06:08","guid":{"rendered":""},"modified":"2023-05-03T17:02:06","modified_gmt":"2023-05-03T15:02:06","slug":"renocar-brno-stara-hala","status":"publish","type":"post","link":"https:\/\/www.rcnksk.com\/?p=374","title":{"rendered":"Renocar Brno \u2013 Star\u00e1 hala"},"content":{"rendered":"<p>B\u00fdval\u00e1 hala na v\u00fdrobu je\u0159\u00e1b\u016f v&nbsp;are\u00e1lu Renocar BMW Brno byla rozd\u011blena na mnoho men\u0161\u00edch prostor\u016f a&nbsp;slou\u017eila jako servisn\u00ed z\u00e1zem\u00ed. D\u00edky pot\u0159eb\u011b zv\u011bt\u0161en\u00ed prodejn\u00ed plochy jsme halo vy\u010distili od v\u0161ech nep\u016fvodn\u00edch z\u00e1sah\u016f na elegantn\u00ed skelet. Z\u00e1m\u011brem bylo z\u0159\u00eddit Museum BMW ze sb\u00edrky pana Vr\u00e1nka star\u0161\u00edho, prodejnu Mini a&nbsp;BMW Motorrad, BMW Premium Selection, p\u0159\u00edjem servisu, p\u0159ed\u00e1vac\u00ed m\u00edstnosti a&nbsp;kav\u00e1rnu s&nbsp;bistrem a&nbsp;soci\u00e1ln\u00edm z\u00e1zem\u00edm.<\/p>\n<p>Celkov\u00fd vzhled byl sjednocen do b\u00edl\u00e9 barvy. Aby se sekce navz\u00e1jem neru\u0161ily a&nbsp;prostor z\u016fstal vzdu\u0161n\u00fd, osadily se po&nbsp;cel\u00e9 d\u00e9lce hlavn\u00ed lodi potransparentn\u00ed z\u00e1v\u011bsy, kter\u00e9 umo\u017e\u0148uj\u00ed variabilitu prostoru a&nbsp;zp\u0159\u00edjem\u0148uj\u00ed atmosf\u00e9ru.<\/p>\n<p>Jednotliv\u00e9 sekce pro BMW a&nbsp;MINI maj\u00ed jasn\u011b dan\u00fd interi\u00e9r firemn\u00edmi pravidly, u&nbsp;nich jsme \u0159e\u0161ili jen p\u016fdorysn\u00e9 a&nbsp;hmotov\u00e9 \u0159e\u0161en\u00ed. Voln\u011b jsme dotvo\u0159ili formu vystavov\u00e1n\u00ed historick\u00fdch voz\u016f na soklech, kav\u00e1rnu a&nbsp;recepci. V&nbsp;exteri\u00e9ru jsme dotvo\u0159ili chodn\u00edk napojuj\u00edc\u00ed st\u00e1vaj\u00edc\u00ed autosalon, kter\u00fd je podsv\u011btlen b\u00edlomodr\u00fdmi zemn\u00edmi sv\u00edtidly a&nbsp;dopln\u011bn zelen\u00ed.<\/p>","protected":false},"excerpt":{"rendered":"<p>B\u00fdval\u00e1 hala na v\u00fdrobu je\u0159\u00e1b\u016f v&nbsp;are\u00e1lu Renocar BMW Brno byla rozd\u011blena na mnoho men\u0161\u00edch prostor\u016f a&nbsp;slou\u017eila jako servisn\u00ed z\u00e1zem\u00ed. D\u00edky pot\u0159eb\u011b zv\u011bt\u0161en\u00ed prodejn\u00ed plochy jsme halo vy\u010distili od v\u0161ech nep\u016fvodn\u00edch z\u00e1sah\u016f na elegantn\u00ed skelet. Z\u00e1m\u011brem bylo z\u0159\u00eddit Museum BMW ze sb\u00edrky pana Vr\u00e1nka star\u0161\u00edho, prodejnu Mini a&nbsp;BMW Motorrad, BMW Premium Selection, p\u0159\u00edjem servisu, p\u0159ed\u00e1vac\u00ed m\u00edstnosti [&hellip;]<\/p>\n","protected":false},"author":1,"featured_media":1774,"comment_status":"open","ping_status":"open","sticky":false,"template":"","format":"standard","meta":{"footnotes":""},"categories":[1],"tags":[],"class_list":["post-374","post","type-post","status-publish","format-standard","has-post-thumbnail","hentry","category-archive"],"_links":{"self":[{"href":"https:\/\/www.rcnksk.com\/index.php?rest_route=\/wp\/v2\/posts\/374","targetHints":{"allow":["GET"]}}],"collection":[{"href":"https:\/\/www.rcnksk.com\/index.php?rest_route=\/wp\/v2\/posts"}],"about":[{"href":"https:\/\/www.rcnksk.com\/index.php?rest_route=\/wp\/v2\/types\/post"}],"author":[{"embeddable":true,"href":"https:\/\/www.rcnksk.com\/index.php?rest_route=\/wp\/v2\/users\/1"}],"replies":[{"embeddable":true,"href":"https:\/\/www.rcnksk.com\/index.php?rest_route=%2Fwp%2Fv2%2Fcomments&post=374"}],"version-history":[{"count":5,"href":"https:\/\/www.rcnksk.com\/index.php?rest_route=\/wp\/v2\/posts\/374\/revisions"}],"predecessor-version":[{"id":3594,"href":"https:\/\/www.rcnksk.com\/index.php?rest_route=\/wp\/v2\/posts\/374\/revisions\/3594"}],"wp:featuredmedia":[{"embeddable":true,"href":"https:\/\/www.rcnksk.com\/index.php?rest_route=\/wp\/v2\/media\/1774"}],"wp:attachment":[{"href":"https:\/\/www.rcnksk.com\/index.php?rest_route=%2Fwp%2Fv2%2Fmedia&parent=374"}],"wp:term":[{"taxonomy":"category","embeddable":true,"href":"https:\/\/www.rcnksk.com\/index.php?rest_route=%2Fwp%2Fv2%2Fcategories&post=374"},{"taxonomy":"post_tag","embeddable":true,"href":"https:\/\/www.rcnksk.com\/index.php?rest_route=%2Fwp%2Fv2%2Ftags&post=374"}],"curies":[{"name":"wp","href":"https:\/\/api.w.org\/{rel}","templated":true}]}}