{"id":355,"date":"2021-09-16T16:03:22","date_gmt":"2021-09-16T14:03:22","guid":{"rendered":""},"modified":"2023-05-03T16:51:23","modified_gmt":"2023-05-03T14:51:23","slug":"hynek-martinec-cesta-na-island","status":"publish","type":"post","link":"https:\/\/www.rcnksk.com\/?p=355","title":{"rendered":"Hynek Martinec: Cesta na Island"},"content":{"rendered":"<p>Datum kon\u00e1n\u00ed : 27.4.2018 &#8211; 16.9.2018<br \/>\nM\u00edsto kon\u00e1n\u00ed: \u0160ternbersk\u00fd pal\u00e1c<\/p>\n<p>Soubor obraz\u016f Hynka Martince je ilustrac\u00ed konceptu\u00e1ln\u011b formulovan\u00e9 h\u0159\u00ed\u010dky, zalo\u017een\u00e9 na fiktivn\u00ed historce o&nbsp;pokusu postavit v&nbsp;prvn\u00ed polovin\u011b 18.&nbsp;stolet\u00ed na Islandu barokn\u00ed katedr\u00e1lu a&nbsp;vyzdobit ji obrazy. K. I. Dientzenhofer katedr\u00e1lu nakonec nepostavil, ale \u00fadajn\u011b zachovan\u00fd soubor obraz\u016f ur\u010den\u00fd pro Island je p\u0159edm\u011btem t\u00e9to v\u00fdstavy. P\u0159ibli\u017en\u011b t\u0159icet obraz\u016f a&nbsp;kreseb je tematicky sv\u00e1z\u00e1no s&nbsp;mnoha konkr\u00e9tn\u00edmi d\u00edly barokn\u00ed sb\u00edrky N\u00e1rodn\u00ed galerie v&nbsp;Praze. Martincovy reinterpretace a&nbsp;parafr\u00e1ze v&nbsp;mnoh\u00fdch ohledech vedou k&nbsp;nov\u00e9mu \u010dten\u00ed p\u016fvodn\u00edch p\u0159edloh a&nbsp;z\u00e1rove\u0148 otev\u00edraj\u00ed \u0159adu ot\u00e1zek uva\u017eov\u00e1n\u00ed o&nbsp;pozic\u00edch sou\u010dasn\u00e9 malby a&nbsp;\u00faloze kontextu.<\/p>\n<p>V roce 1729 byl Island zm\u00edt\u00e1n n\u00e1sil\u00edm a&nbsp;chudobou. Pr\u00e1v\u011b tehdy pozval u\u010denec a&nbsp;sb\u011bratel rukopis\u016f \u00c1rni Magn\u00fasson (1663\u20121730) renomovan\u00e9ho architekta Kili\u00e1na Ign\u00e1ce Dientzenhofera (1689\u20121751), aby na ledov\u00e9m ostrov\u011b postavil katedr\u00e1lu. Po&nbsp;dokon\u010den\u00ed kl\u00e1\u0161tera v&nbsp;Broumov\u011b a&nbsp;\u017eel tak\u00e9 po&nbsp;smrti \u00c1rniho Magn\u00fasona nakonec Dientzenhofer podnikl roku 1733 dobrodru\u017enou cestu na Island, aby tam na\u0161el vhodn\u00e9 m\u00edsto pro stavbu. Po&nbsp;p\u0159\u00edjezdu jej m\u00edstn\u00ed p\u0159ijali s&nbsp;nad\u0161en\u00edm. Zemi procestoval k\u0159\u00ed\u017eem kr\u00e1\u017eem, p\u0159esto pot\u0159ebn\u00e9 vhodn\u00e9 m\u00edsto nena\u0161el.<br \/>\nVr\u00e1til se zp\u011bt do Evropy, aby pokra\u010doval v&nbsp;jin\u00fdch sv\u00fdch projektech. Z&nbsp;t\u00e9 doby se na\u0161t\u011bst\u00ed<br \/>\ndochoval stavebn\u00ed pl\u00e1n zam\u00fd\u0161len\u00e9 katedr\u00e1ly a&nbsp;n\u011bkolik barokn\u00edch obraz\u016f, kter\u00e9 byly ur\u010deny k&nbsp;jej\u00ed v\u00fdzdob\u011b. Je vzru\u0161uj\u00edc\u00ed, \u017ee dnes N\u00e1rodn\u00ed galerie p\u0159edstavuje \u010d\u00e1st ambici\u00f3zn\u00edho projektu, kter\u00fd bohu\u017eel vinou nep\u0159\u00edzniv\u00fdch podm\u00ednek nikdy nebyl zrealizov\u00e1n. Island t\u00edm nav\u017edy p\u0159i\u0161el o&nbsp;baroko. (Hynek Martinec, Lost in Time)<\/p>\n<p>V\u00fdstava Hynka Martince oslavuje p\u0159\u00e1telstv\u00ed sou\u010dasn\u00e9ho um\u011bn\u00ed se star\u00fdmi mistry<br \/>\nT\u0159i des\u00edtky sou\u010dasn\u00fdch maleb Hynka Martince host\u00ed od 27.&nbsp;dubna do 26.&nbsp;srpna sb\u00edrka<br \/>\nstar\u00e9ho um\u011bn\u00ed N\u00e1rodn\u00ed galerie v&nbsp;Praze ve \u0160ternbersk\u00e9m pal\u00e1ci. Martinec ve sv\u00fdch d\u00edlech<br \/>\nreaguje na d\u00edla velik\u00e1n\u016f star\u00e9ho um\u011bn\u00ed. Jeho aktu\u00e1ln\u00ed v\u00fdstava vych\u00e1z\u00ed ze smy\u0161len\u00e9<br \/>\nhistorky o&nbsp;pokusu Kili\u00e1na Ign\u00e1ce Dietzenhofera postavit na Islandu barokn\u00ed katedr\u00e1ly.<br \/>\nV\u00fdstavu po\u0159\u00e1d\u00e1 N\u00e1rodn\u00ed galerie ve spolupr\u00e1ci s&nbsp;Galeri\u00ed Rudolfinum.<br \/>\n\u201eSoubor obraz\u016f Hynka Martince je ilustrac\u00ed fiktivn\u00edho p\u0159\u00edb\u011bhu o&nbsp;snaze postavit v&nbsp;18.&nbsp;stolet\u00ed na Islandu barokn\u00ed katedr\u00e1lu. K&nbsp;jej\u00ed stavb\u011b sice nikdy nedo\u0161lo, ale N\u00e1rodn\u00ed galerie nyn\u00ed vystavuje soubor obraz\u016f ur\u010den\u00fd pro jej\u00ed v\u00fdzdobu,\u201c popisuje tajemn\u00fd p\u0159\u00edb\u011bh v\u00fdstavy kur\u00e1tor N\u00e1rodn\u00ed galerie v&nbsp;Praze Otto M. Urban.<\/p>\n<h2>Rembrandtova ky\u010del<\/h2>\n<p>Obrazy a&nbsp;kresby jsou tematicky sv\u00e1z\u00e1ny s&nbsp;konkr\u00e9tn\u00edmi d\u00edly sb\u00edrky N\u00e1rodn\u00ed galerie v&nbsp;Praze. Podle Hynka Martinec je toti\u017e um\u011bn\u00ed kontinu\u00e1ln\u00edm dialogem v\u0161ech um\u011blc\u016f. Martinec vytv\u00e1\u0159\u00ed voln\u00e9 s\u00e9rie, kter\u00e9 reinterpretuj\u00ed velk\u00e9 postavy star\u00e9ho i&nbsp;modern\u00edho um\u011bn\u00ed od D\u00fcrera, p\u0159es Schieleho a\u017e po&nbsp;Duchampa.<br \/>\n\u201eJm\u00e9na um\u011blc\u016f si vyb\u00edr\u00e1m podle n\u00e1lady nebo podle v\u00fdstav, kter\u00e9 m\u011b zas\u00e1hly. P\u0159edev\u0161\u00edm je ale v&nbsp;n\u011b\u010dem obdivuji a&nbsp;m\u00e1 tvorba je snahou odbourat hranice \u010dasu, a&nbsp;propojit se tak s&nbsp;um\u011blci, kter\u00e9 m\u00e1m r\u00e1d a&nbsp;r\u00e1d bych se s&nbsp;nimi osobn\u011b setkal,\u201c uv\u00e1d\u00ed Hynek Martinec.<br \/>\n\u201eHynek Martinec zvolil komprimovanou formu, kompozici sestavenou z&nbsp;v\u00fdsek\u016f evokuj\u00edc\u00edch<br \/>\nsiln\u00e9 momenty barokn\u00edch p\u0159edloh. Jeho obrazy nejsou pouh\u00fdm jevi\u0161t\u011bm pro exhibici mal\u00ed\u0159sk\u00e9 dovednosti. Jsou krokem sm\u011brem do historie k&nbsp;ji\u017e existuj\u00edc\u00edm vrchol\u016fm, kter\u00e9 se zdaj\u00ed vlivem zduchovn\u011bn\u00ed v&nbsp;\u010dase nep\u0159ekonateln\u00e9, ale p\u0159esto v&nbsp;sob\u011b obsahuj\u00ed potenci\u00e1l dal\u0161\u00edho rozv\u00edjen\u00ed,\u201c vysv\u011btluje Petr Nedoma, \u0159editel Galerie Rudolfinum a&nbsp;kur\u00e1tor v\u00fdstavy.<br \/>\nVe \u0160ternbersk\u00e9m pal\u00e1ci je k&nbsp;vid\u011bn\u00ed t\u0159eba malba Rembrandtova ky\u010del, Bi\u010dov\u00e1n\u00ed barokn\u00edho kon\u011b nebo Cirkus no\u010dn\u00edch m\u016fr. Podle Martince dne\u0161n\u00ed doba inspiruje ve sv\u00e9 svobod\u011b a&nbsp;mo\u017enosti propojovat v\u0161echno mo\u017en\u00e9, v\u010detn\u011b toho, co ji\u017e bylo vytvo\u0159eno jin\u00fdmi um\u011blci. Um\u011blec podle n\u011bho p\u0159etv\u00e1\u0159\u00ed minulost do nov\u00e9ho jazyka, ur\u010den\u00e9ho dal\u0161\u00edm generac\u00edm.<br \/>\n\u201eP\u0159i\u0161lo mi p\u0159irozen\u00e9 v\u011bnovat se pr\u00e1v\u011b baroku a&nbsp;pokusit se vytvo\u0159it most mezi barokn\u00edm um\u011bn\u00edm a&nbsp;dne\u0161n\u00ed dobou. V\u017edy jsem snil o&nbsp;tom, abych mohl jednou vystavovat a&nbsp;konfrontovat sv\u00e9 pr\u00e1ce s&nbsp;um\u011blci, jako jsou Peter Paul Rubens, Anthonis van Dyck nebo Rembrandt a&nbsp;spousta dal\u0161\u00edch, kter\u00e9 obdivuji. Byla to pr\u00e1v\u011b um\u011bleck\u00e1 kolekce N\u00e1rodn\u00ed galerie, kde jsem jako student objevoval odkaz barokn\u00edho um\u011bn\u00ed. Vr\u00e1tit se do \u0160ternbersk\u00e9ho pal\u00e1ce po&nbsp;n\u011bkolika letech s&nbsp;vlastn\u00ed v\u00fdstavou je pro m\u011b n\u011bco neskute\u010dn\u00e9ho,\u201c dod\u00e1v\u00e1 Hynek Martinec.<\/p>\n<h2>\u017divot malby<\/h2>\n<p>Hynek Martinec (1980) se narodil v&nbsp;Broumov\u011b, v&nbsp;sou\u010dasnosti \u017eije a&nbsp;tvo\u0159\u00ed v&nbsp;Lond\u00fdn\u011b.<br \/>\nS&nbsp;mal\u00ed\u0159skou virtuozitou se ve sv\u00e9 tvorb\u011b zmoc\u0148uje d\u011bl velk\u00fdch mistr\u016f od konce 16.&nbsp;do<br \/>\n19.&nbsp;stolet\u00ed, aby kombinac\u00ed jednotliv\u00fdch motiv\u016f, p\u0159evzat\u00fdch detail\u016f a&nbsp;cel\u00fdch kompozic vytv\u00e1\u0159el sv\u011bt vlastn\u00edch obraz\u016f. Od d\u011btstv\u00ed byl fascinov\u00e1n kresbou a&nbsp;ani dnes si nedok\u00e1\u017ee bez kreslen\u00ed p\u0159edstavit prakticky \u017e\u00e1dn\u00fd den. Od po\u010d\u00e1tku sv\u00e9 tvorby m\u011bl cti\u017e\u00e1dost dos\u00e1hnout na st\u00e1lice v\u00fdtvarn\u00e9ho um\u011bn\u00ed \u2013 van Gogha nebo Leonarda. Kresby a&nbsp;obrazy star\u00fdch mistr\u016f studoval v&nbsp;N\u00e1rodn\u00ed galerii v&nbsp;Praze, Britsk\u00e9m muzeu nebo N\u00e1rodn\u00ed galerii v&nbsp;Lond\u00fdn\u011b. Martincova tvorba otev\u00edr\u00e1 ot\u00e1zky o&nbsp;pozici sou\u010dasn\u00e9 malby a&nbsp;potvrzuje jej\u00ed pevn\u00e9 m\u00edsto ve vizu\u00e1ln\u00ed kultu\u0159e. Jeho d\u00edlo naopak jasn\u011b pop\u00edr\u00e1 v&nbsp;posledn\u00edch desetilet\u00edch mnohokr\u00e1t diskutovan\u00fd z\u00e1nik malby a&nbsp;dominanci ryze konceptu\u00e1ln\u00edho um\u011bn\u00ed. Na samostatn\u00fdch i&nbsp;skupinov\u00fdch v\u00fdstav\u00e1ch vystavoval Martinec v&nbsp;Praze, Lond\u00fdn\u011b, Pa\u0159\u00ed\u017ei nebo New Yorku.<\/p>\n<p>Kur\u00e1to\u0159i: Otto M. Urban, Petr Nedoma<br \/>\nV\u00fdstavu po\u0159\u00e1d\u00e1 N\u00e1rodn\u00ed galerie v&nbsp;Praze ve spolupr\u00e1ci s&nbsp;Galeri\u00ed Rudolfinum.<\/p>\n<p>Web v\u00fdstavy: <a href=\"https:\/\/www.ngprague.cz\/udalost\/201\/hynek-martinec-cesta-na-island\">https:\/\/www.ngprague.cz\/<\/a><\/p>\n<p>Video k&nbsp;v\u00fdstav\u011b: <a href=\"https:\/\/www.youtube.com\/watch?v=RiPhTHUw2Bo\">https:\/\/www.youtube.com\/<\/a><\/p>\n<p>Recenze:<br \/>\nMagdalena \u010cechlovsk\u00e1, Aktu\u00e1ln\u011b: <a href=\"https:\/\/magazin.aktualne.cz\/kultura\/umeni\/malir-hynek-martinec-spojuje-baroko-a-kauzu-metoo-jeho-kenta\/r~476225224aee11e88560ac1f6b220ee8\/\">https:\/\/magazin.aktualne.cz\/<\/a><\/p>","protected":false},"excerpt":{"rendered":"<p>Datum kon\u00e1n\u00ed : 27.4.2018 &#8211; 16.9.2018 M\u00edsto kon\u00e1n\u00ed: \u0160ternbersk\u00fd pal\u00e1c Soubor obraz\u016f Hynka Martince je ilustrac\u00ed konceptu\u00e1ln\u011b formulovan\u00e9 h\u0159\u00ed\u010dky, zalo\u017een\u00e9 na fiktivn\u00ed historce o&nbsp;pokusu postavit v&nbsp;prvn\u00ed polovin\u011b 18.&nbsp;stolet\u00ed na Islandu barokn\u00ed katedr\u00e1lu a&nbsp;vyzdobit ji obrazy. K. I. Dientzenhofer katedr\u00e1lu nakonec nepostavil, ale \u00fadajn\u011b zachovan\u00fd soubor obraz\u016f ur\u010den\u00fd pro Island je p\u0159edm\u011btem t\u00e9to v\u00fdstavy. P\u0159ibli\u017en\u011b t\u0159icet [&hellip;]<\/p>\n","protected":false},"author":1,"featured_media":1813,"comment_status":"open","ping_status":"open","sticky":false,"template":"","format":"standard","meta":{"footnotes":""},"categories":[1],"tags":[],"class_list":["post-355","post","type-post","status-publish","format-standard","has-post-thumbnail","hentry","category-archive"],"_links":{"self":[{"href":"https:\/\/www.rcnksk.com\/index.php?rest_route=\/wp\/v2\/posts\/355","targetHints":{"allow":["GET"]}}],"collection":[{"href":"https:\/\/www.rcnksk.com\/index.php?rest_route=\/wp\/v2\/posts"}],"about":[{"href":"https:\/\/www.rcnksk.com\/index.php?rest_route=\/wp\/v2\/types\/post"}],"author":[{"embeddable":true,"href":"https:\/\/www.rcnksk.com\/index.php?rest_route=\/wp\/v2\/users\/1"}],"replies":[{"embeddable":true,"href":"https:\/\/www.rcnksk.com\/index.php?rest_route=%2Fwp%2Fv2%2Fcomments&post=355"}],"version-history":[{"count":4,"href":"https:\/\/www.rcnksk.com\/index.php?rest_route=\/wp\/v2\/posts\/355\/revisions"}],"predecessor-version":[{"id":3590,"href":"https:\/\/www.rcnksk.com\/index.php?rest_route=\/wp\/v2\/posts\/355\/revisions\/3590"}],"wp:featuredmedia":[{"embeddable":true,"href":"https:\/\/www.rcnksk.com\/index.php?rest_route=\/wp\/v2\/media\/1813"}],"wp:attachment":[{"href":"https:\/\/www.rcnksk.com\/index.php?rest_route=%2Fwp%2Fv2%2Fmedia&parent=355"}],"wp:term":[{"taxonomy":"category","embeddable":true,"href":"https:\/\/www.rcnksk.com\/index.php?rest_route=%2Fwp%2Fv2%2Fcategories&post=355"},{"taxonomy":"post_tag","embeddable":true,"href":"https:\/\/www.rcnksk.com\/index.php?rest_route=%2Fwp%2Fv2%2Ftags&post=355"}],"curies":[{"name":"wp","href":"https:\/\/api.w.org\/{rel}","templated":true}]}}